{"id":389,"date":"2018-04-04T17:51:09","date_gmt":"2018-04-04T16:51:09","guid":{"rendered":"http:\/\/www.cerped.fr\/?p=389"},"modified":"2022-04-26T22:13:21","modified_gmt":"2022-04-26T21:13:21","slug":"contribution-ecrite-du-cerped-aux-etats-generaux-de-la-bioethique-2018-en-prealable-de-son-audition-par-le-ccne-le-04-avril-2018","status":"publish","type":"post","link":"https:\/\/www.cerped.fr\/index.php\/2018\/04\/04\/contribution-ecrite-du-cerped-aux-etats-generaux-de-la-bioethique-2018-en-prealable-de-son-audition-par-le-ccne-le-04-avril-2018\/","title":{"rendered":"Contribution \u00e9crite du CERPed aux Etats G\u00e9n\u00e9raux de la Bio\u00e9thique 2018 en pr\u00e9alable de son audition par le CCNE le 04 avril 2018."},"content":{"rendered":"<p><img decoding=\"async\" class=\"alignnone wp-image-363\" src=\"http:\/\/www.cerped.fr\/wp-content\/uploads\/2018\/05\/logo_egb-bioethique-300x140.jpg\" alt=\"Etat G\u00e9n\u00e9raux de la Bio\u00e9thique 2018\" width=\"257\" height=\"120\" \/><img decoding=\"async\" class=\"alignnone wp-image-364\" src=\"http:\/\/www.cerped.fr\/wp-content\/uploads\/2018\/05\/comite-consultatif-national-d-ethique-ccne-300x169.jpg\" alt=\"Comit\u00e9 consultatif d'\u00c9thique\" width=\"213\" height=\"120\" \/><\/p>\n<p><a href=\"https:\/\/etatsgenerauxdelabioethique.fr\/media\/default\/0001\/01\/2551e0b56e9787d96d2d51121b4c8aca72af3125.pdf\" target=\"_blank\" rel=\"noopener\">Contribution \u00e9crite du CERPed<\/a> pour les Etats g\u00e9n\u00e9raux de la bio\u00e9thique 2018 :<br \/>\nLe Comit\u00e9 consultatif national d\u2019\u00e9thique a auditionn\u00e9 le CERPed lors de la <a href=\"https:\/\/etatsgenerauxdelabioethique.fr\/blog\/contributions-de-la-septieme-semaine-d-auditions\" target=\"_blank\" rel=\"noopener\">septi\u00e8me journ\u00e9e d&rsquo;auditions<\/a> des Etats g\u00e9n\u00e9raux de la bio\u00e9thique 2018<\/p>\n","protected":false},"excerpt":{"rendered":"<p>Contribution \u00e9crite du CERPed pour les Etats g\u00e9n\u00e9raux de la bio\u00e9thique 2018 : Le Comit\u00e9 consultatif national d\u2019\u00e9thique a auditionn\u00e9 le CERPed lors de la septi\u00e8me journ\u00e9e d&rsquo;auditions des Etats g\u00e9n\u00e9raux de la bio\u00e9thique 2018<\/p>\n","protected":false},"author":1,"featured_media":223,"comment_status":"closed","ping_status":"open","sticky":false,"template":"","format":"standard","meta":{"_acf_changed":false,"footnotes":""},"categories":[27],"tags":[],"class_list":["post-389","post","type-post","status-publish","format-standard","has-post-thumbnail","hentry","category-bioethique"],"acf":[],"_links":{"self":[{"href":"https:\/\/www.cerped.fr\/index.php\/wp-json\/wp\/v2\/posts\/389","targetHints":{"allow":["GET"]}}],"collection":[{"href":"https:\/\/www.cerped.fr\/index.php\/wp-json\/wp\/v2\/posts"}],"about":[{"href":"https:\/\/www.cerped.fr\/index.php\/wp-json\/wp\/v2\/types\/post"}],"author":[{"embeddable":true,"href":"https:\/\/www.cerped.fr\/index.php\/wp-json\/wp\/v2\/users\/1"}],"replies":[{"embeddable":true,"href":"https:\/\/www.cerped.fr\/index.php\/wp-json\/wp\/v2\/comments?post=389"}],"version-history":[{"count":1,"href":"https:\/\/www.cerped.fr\/index.php\/wp-json\/wp\/v2\/posts\/389\/revisions"}],"predecessor-version":[{"id":391,"href":"https:\/\/www.cerped.fr\/index.php\/wp-json\/wp\/v2\/posts\/389\/revisions\/391"}],"wp:featuredmedia":[{"embeddable":true,"href":"https:\/\/www.cerped.fr\/index.php\/wp-json\/wp\/v2\/media\/223"}],"wp:attachment":[{"href":"https:\/\/www.cerped.fr\/index.php\/wp-json\/wp\/v2\/media?parent=389"}],"wp:term":[{"taxonomy":"category","embeddable":true,"href":"https:\/\/www.cerped.fr\/index.php\/wp-json\/wp\/v2\/categories?post=389"},{"taxonomy":"post_tag","embeddable":true,"href":"https:\/\/www.cerped.fr\/index.php\/wp-json\/wp\/v2\/tags?post=389"}],"curies":[{"name":"wp","href":"https:\/\/api.w.org\/{rel}","templated":true}]}}